{"id":38,"date":"2026-07-23T22:36:01","date_gmt":"2026-07-24T01:36:01","guid":{"rendered":"https:\/\/viajesabrasil.com.ar\/blog\/que-llevar-en-la-valija-brasil\/"},"modified":"2026-07-23T22:36:04","modified_gmt":"2026-07-24T01:36:04","slug":"que-llevar-en-la-valija-brasil","status":"publish","type":"post","link":"https:\/\/viajesabrasil.com.ar\/blog\/que-llevar-en-la-valija-brasil\/","title":{"rendered":"Qu\u00e9 Llevar en la Valija: Nordeste vs Sur de Brasil (2026)"},"content":{"rendered":"\n<p class=\"wp-block-paragraph\">Qu\u00e9 meter en la valija para Brasil <strong>depende del destino<\/strong>: no es lo mismo el sur, donde el clima cambia, que el Nordeste tropical, c\u00e1lido todo el a\u00f1o. En esta gu\u00eda te dejamos las listas separadas para no llevar de m\u00e1s ni olvidarte lo importante. Y si quer\u00e9s viajar liviano de preocupaciones, en <a href=\"https:\/\/viajesabrasil.com.ar\/paquetes\/\">nuestros paquetes a Brasil desde C\u00f3rdoba<\/a> te asesoramos seg\u00fan tu destino y fecha.<\/p>\n\n\n\n<hr class=\"wp-block-separator has-text-color has-alpha-channel-opacity has-background is-style-wide is-style-wide--1\" style=\"background-color:#e8f7ee;color:#e8f7ee\"\/>\n\n\n\n<h2 class=\"wp-block-heading\">Sur vs. Nordeste: por qu\u00e9 cambia el equipaje<\/h2>\n\n\n\n<p class=\"wp-block-paragraph\">El <strong>sur de Brasil<\/strong> (<a href=\"https:\/\/viajesabrasil.com.ar\/florianopolis\/\">Florian\u00f3polis<\/a>, Cambori\u00fa) tiene verano caluroso pero noches y d\u00edas de viento m\u00e1s frescos, sobre todo fuera de enero y febrero. El <strong>Nordeste<\/strong> (<a href=\"https:\/\/viajesabrasil.com.ar\/maceio\/\">Macei\u00f3<\/a>, Maragogi) es <strong>c\u00e1lido y h\u00famedo todo el a\u00f1o<\/strong>, con sol fuerte y lluvias cortas. Esa diferencia define qu\u00e9 ropa y calzado conviene llevar.<\/p>\n\n\n\n<figure class=\"wp-block-table is-style-stripes\"><table>\n<thead><tr><th>\u00cdtem<\/th><th>Sur (Floripa, Cambori\u00fa)<\/th><th>Nordeste (Macei\u00f3)<\/th><\/tr><\/thead>\n<tbody>\n<tr><td>Ropa<\/td><td>Liviana + un abrigo fino para la noche<\/td><td>Solo liviana y fresca<\/td><\/tr>\n<tr><td>Calzado<\/td><td>Ojotas + zapatillas para pasear<\/td><td>Ojotas y sandalias<\/td><\/tr>\n<tr><td>Lluvia<\/td><td>Piloto liviano ocasional<\/td><td>Piloto fino (lluvias cortas)<\/td><\/tr>\n<tr><td>Sol<\/td><td>Protector alto<\/td><td>Protector alto + sombrero (sol intenso)<\/td><\/tr>\n<tr><td>Extra<\/td><td>Repelente<\/td><td>Repelente + escarpines para arrecifes<\/td><\/tr>\n<\/tbody>\n<\/table><\/figure>\n\n\n\n<div class=\"wp-block-group has-global-padding is-layout-constrained wp-container-core-group-is-layout-2eb89ace wp-block-group-is-layout-constrained\" style=\"border-left:4px solid #009C3B;border-radius:0 8px 8px 0;background-color:#e8f7ee;padding:1rem 1.5rem\">\n\n<p class=\"wp-block-paragraph\">\ud83d\udccc <strong>Dato clave:<\/strong> para las piscinas naturales del Nordeste (Paju\u00e7ara, Maragogi) llev\u00e1 <strong>escarpines o calzado de agua<\/strong>: los arrecifes tienen partes filosas y protegen los pies.<\/p>\n\n<\/div>\n\n\n\n<hr class=\"wp-block-separator has-text-color has-alpha-channel-opacity has-background is-style-wide is-style-wide--2\" style=\"background-color:#e8f7ee;color:#e8f7ee\"\/>\n\n\n\n<h2 class=\"wp-block-heading\">Qu\u00e9 llevar s\u00ed o s\u00ed (para cualquier destino)<\/h2>\n\n\n\n<ul class=\"wp-block-list\">\n<li><strong>DNI vigente o pasaporte<\/strong> y una copia guardada aparte.<\/li>\n<li><strong>Protector solar alto<\/strong> (en Brasil es m\u00e1s caro) y after-sun.<\/li>\n<li><strong>Repelente<\/strong> de mosquitos.<\/li>\n<li><strong>Medicamentos<\/strong> personales con su receta.<\/li>\n<li><strong>Adaptador de enchufe<\/strong>: Brasil usa tomas tipo N (tres patas); llev\u00e1 adaptador.<\/li>\n<li><strong>Reales o d\u00f3lares<\/strong> en efectivo y tarjeta de respaldo.<\/li>\n<li>Malla, ojotas, gorra\/sombrero y anteojos de sol.<\/li>\n<\/ul>\n\n\n\n<p class=\"wp-block-paragraph\">Para el tema documentaci\u00f3n y vacunas, repas\u00e1 nuestra <a href=\"https:\/\/viajesabrasil.com.ar\/blog\/requisitos-para-viajar-a-brasil-desde-cordoba\/\">gu\u00eda de requisitos para viajar a Brasil<\/a>. Y para el dinero, la de <a href=\"https:\/\/viajesabrasil.com.ar\/blog\/cambiar-pesos-reales-viaje-brasil-cordoba\/\">cambiar pesos a reales<\/a>.<\/p>\n\n\n\n<hr class=\"wp-block-separator has-text-color has-alpha-channel-opacity has-background is-style-wide is-style-wide--3\" style=\"background-color:#e8f7ee;color:#e8f7ee\"\/>\n\n\n\n<h2 class=\"wp-block-heading\">Equipaje seg\u00fan c\u00f3mo viajes: avi\u00f3n o micro<\/h2>\n\n\n\n<p class=\"wp-block-paragraph\">El transporte define cu\u00e1nto equipaje pod\u00e9s llevar. En <strong>micro ten\u00e9s m\u00e1s margen<\/strong> y sin cargos por bodega; en <strong>avi\u00f3n<\/strong>, cada aerol\u00ednea fija sus l\u00edmites de bolso de mano y valija despachada.<\/p>\n\n\n\n<figure class=\"wp-block-table is-style-stripes\"><table>\n<thead><tr><th>Medio<\/th><th>Equipaje<\/th><th>Tener en cuenta<\/th><\/tr><\/thead>\n<tbody>\n<tr><td><strong>Micro<\/strong><\/td><td>M\u00e1s valijas, sin cargo extra<\/td><td>Ideal para estad\u00edas largas o en familia (ver <a href=\"https:\/\/viajesabrasil.com.ar\/colectivo-a-brasil-desde-cordoba\/\">colectivo a Brasil<\/a>)<\/td><\/tr>\n<tr><td><strong>Avi\u00f3n<\/strong><\/td><td>L\u00edmite de mano + bodega seg\u00fan aerol\u00ednea<\/td><td>Revis\u00e1 kilos y medidas (ver <a href=\"https:\/\/viajesabrasil.com.ar\/vuelos-cordoba-brasil\/\">vuelos de C\u00f3rdoba a Brasil<\/a>)<\/td><\/tr>\n<\/tbody>\n<\/table><\/figure>\n\n\n\n<div class=\"wp-block-group has-global-padding is-layout-constrained wp-container-core-group-is-layout-2eb89ace wp-block-group-is-layout-constrained\" style=\"border-left:4px solid #FFDF00;border-radius:0 8px 8px 0;background-color:#fffde7;padding:1rem 1.5rem\">\n\n<p class=\"wp-block-paragraph\">\u26a0\ufe0f <strong>Tip:<\/strong> dej\u00e1 un hueco en la valija para la vuelta. Las havaianas, la ropa de playa y los souvenirs brasile\u00f1os ocupan m\u00e1s de lo que parece.<\/p>\n\n<\/div>\n\n\n\n<hr class=\"wp-block-separator has-text-color has-alpha-channel-opacity has-background is-style-wide is-style-wide--4\" style=\"background-color:#e8f7ee;color:#e8f7ee\"\/>\n\n\n\n<h2 class=\"wp-block-heading\">Qu\u00e9 NO llevar: errores comunes<\/h2>\n\n\n\n<ul class=\"wp-block-list\">\n<li><strong>Demasiado abrigo:<\/strong> salvo el sur en temporada media, no lo vas a usar.<\/li>\n<li><strong>Secador de pelo y planchita:<\/strong> ocupan y la mayor\u00eda de los hoteles los tienen.<\/li>\n<li><strong>Objetos de valor innecesarios:<\/strong> joyas o electr\u00f3nica cara que no vas a usar.<\/li>\n<li><strong>Zapatos de m\u00e1s:<\/strong> con ojotas y un par de zapatillas alcanza.<\/li>\n<\/ul>\n\n\n\n<hr class=\"wp-block-separator has-text-color has-alpha-channel-opacity has-background is-style-wide is-style-wide--5\" style=\"background-color:#e8f7ee;color:#e8f7ee\"\/>\n\n\n\n<h2 class=\"wp-block-heading\">Preguntas frecuentes sobre el equipaje<\/h2>\n\n\n\n<details class=\"wp-block-details is-layout-flow wp-block-details-is-layout-flow\"><summary>\u00bfQu\u00e9 llevar a Florian\u00f3polis?<\/summary>\n\n<p class=\"wp-block-paragraph\">Ropa liviana para el d\u00eda y un abrigo fino para la noche o los d\u00edas de viento, ojotas, zapatillas para pasear, protector solar y repelente.<\/p>\n<\/details>\n\n\n\n<details class=\"wp-block-details is-layout-flow wp-block-details-is-layout-flow\"><summary>\u00bfQu\u00e9 llevar al Nordeste (Macei\u00f3)?<\/summary>\n\n<p class=\"wp-block-paragraph\">Solo ropa liviana y fresca, protector solar alto, sombrero, repelente y escarpines para las piscinas naturales. El clima es c\u00e1lido todo el a\u00f1o.<\/p>\n<\/details>\n\n\n\n<details class=\"wp-block-details is-layout-flow wp-block-details-is-layout-flow\"><summary>\u00bfNecesito adaptador de enchufe en Brasil?<\/summary>\n\n<p class=\"wp-block-paragraph\">S\u00ed. Brasil usa tomas tipo N (de tres patas). Llev\u00e1 un adaptador universal para poder cargar el celular y dem\u00e1s dispositivos.<\/p>\n<\/details>\n\n\n\n<details class=\"wp-block-details is-layout-flow wp-block-details-is-layout-flow\"><summary>\u00bfCu\u00e1nto equipaje puedo llevar?<\/summary>\n\n<p class=\"wp-block-paragraph\">En micro ten\u00e9s m\u00e1s margen y sin cargos por bodega. En avi\u00f3n, depende de la aerol\u00ednea y la tarifa. Te confirmamos los l\u00edmites al cotizar tu viaje.<\/p>\n<\/details>\n\n\n\n<hr class=\"wp-block-separator has-text-color has-alpha-channel-opacity has-background is-style-wide is-style-wide--6\" style=\"background-color:#e8f7ee;color:#e8f7ee\"\/>\n\n\n\n<div class=\"wp-block-group has-global-padding is-layout-constrained wp-container-core-group-is-layout-14ad32f1 wp-block-group-is-layout-constrained\" style=\"background-color:#002776;border-radius:12px;padding:2rem\">\n\n<h3 class=\"wp-block-heading has-text-color\" style=\"color:#FFDF00\">Arm\u00e1 tu viaje y nosotros el resto<\/h3>\n\n\n<p class=\"has-text-color wp-block-paragraph\" style=\"color:rgba(255,255,255,0.9)\">Te decimos exactamente qu\u00e9 llevar seg\u00fan tu destino y fecha, y armamos tu paquete a Brasil desde C\u00f3rdoba con transporte, alojamiento y asistencia. Contanos ad\u00f3nde quer\u00e9s ir.<\/p>\n\n\n<div class=\"wp-block-buttons is-layout-flex wp-block-buttons-is-layout-flex\">\n\n<div class=\"wp-block-button\"><a class=\"wp-block-button__link has-text-color has-background wp-element-button\" href=\"https:\/\/wa.me\/5493516090209?text=Hola!%20Quiero%20consejos%20para%20armar%20la%20valija%20a%20Brasil\" style=\"color:#ffffff;background-color:#009C3B\" target=\"_blank\" rel=\"noreferrer noopener\">Consultar por WhatsApp<\/a><\/div>\n\n<\/div>\n\n<\/div>\n\n\n\n<script type=\"application\/ld+json\">{\"@context\": \"https:\/\/schema.org\", \"@type\": \"FAQPage\", \"mainEntity\": [{\"@type\": \"Question\", \"name\": \"\u00bfQu\u00e9 llevar a Florian\u00f3polis?\", \"acceptedAnswer\": {\"@type\": \"Answer\", \"text\": \"Ropa liviana para el d\u00eda y un abrigo fino para la noche o los d\u00edas de viento, ojotas, zapatillas para pasear, protector solar y repelente.\"}}, {\"@type\": \"Question\", \"name\": \"\u00bfQu\u00e9 llevar al Nordeste (Macei\u00f3)?\", \"acceptedAnswer\": {\"@type\": \"Answer\", \"text\": \"Solo ropa liviana y fresca, protector solar alto, sombrero, repelente y escarpines para las piscinas naturales. El clima es c\u00e1lido todo el a\u00f1o.\"}}, {\"@type\": \"Question\", \"name\": \"\u00bfNecesito adaptador de enchufe en Brasil?\", \"acceptedAnswer\": {\"@type\": \"Answer\", \"text\": \"S\u00ed. Brasil usa tomas tipo N (de tres patas). Llev\u00e1 un adaptador universal para cargar el celular y dem\u00e1s dispositivos.\"}}, {\"@type\": \"Question\", \"name\": \"\u00bfCu\u00e1nto equipaje puedo llevar?\", \"acceptedAnswer\": {\"@type\": \"Answer\", \"text\": \"En micro ten\u00e9s m\u00e1s margen y sin cargos por bodega. En avi\u00f3n depende de la aerol\u00ednea y la tarifa. Te confirmamos los l\u00edmites al cotizar tu viaje.\"}}]}<\/script>\n<script type=\"application\/ld+json\">{\"@context\": \"https:\/\/schema.org\", \"@type\": \"BreadcrumbList\", \"itemListElement\": [{\"@type\": \"ListItem\", \"position\": 1, \"name\": \"Inicio\", \"item\": \"https:\/\/viajesabrasil.com.ar\/\"}, {\"@type\": \"ListItem\", \"position\": 2, \"name\": \"Blog\", \"item\": \"https:\/\/viajesabrasil.com.ar\/blog\/\"}, {\"@type\": \"ListItem\", \"position\": 3, \"name\": \"Qu\u00e9 llevar en la valija a Brasil\", \"item\": \"https:\/\/viajesabrasil.com.ar\/blog\/que-llevar-en-la-valija-brasil\/\"}]}<\/script>\n\n","protected":false},"excerpt":{"rendered":"<p>Qu\u00e9 llevar en la valija para viajar a Brasil desde C\u00f3rdoba: listas seg\u00fan el destino (Nordeste vs Sur), esenciales y equipaje por avi\u00f3n o micro.<\/p>\n","protected":false},"author":1,"featured_media":39,"comment_status":"closed","ping_status":"closed","sticky":false,"template":"","format":"standard","meta":{"footnotes":""},"categories":[7],"tags":[],"class_list":["post-38","post","type-post","status-publish","format-standard","has-post-thumbnail","hentry","category-guias-practicas"],"rank_math":{"score":null,"focus_keyword":"que llevar a brasil","title":"Qu\u00e9 Llevar en la Valija: Nordeste vs Sur de Brasil (2026)","description":"Qu\u00e9 llevar en la valija para viajar a Brasil desde C\u00f3rdoba: listas seg\u00fan el destino (Nordeste vs Sur), esenciales y equipaje por avi\u00f3n o micro.","schema_type":"","schema_data":null,"canonical":"","robots":null,"pillar_content":false,"internal_links_suggestions":[]},"_links":{"self":[{"href":"https:\/\/viajesabrasil.com.ar\/blog\/wp-json\/wp\/v2\/posts\/38","targetHints":{"allow":["GET"]}}],"collection":[{"href":"https:\/\/viajesabrasil.com.ar\/blog\/wp-json\/wp\/v2\/posts"}],"about":[{"href":"https:\/\/viajesabrasil.com.ar\/blog\/wp-json\/wp\/v2\/types\/post"}],"author":[{"embeddable":true,"href":"https:\/\/viajesabrasil.com.ar\/blog\/wp-json\/wp\/v2\/users\/1"}],"replies":[{"embeddable":true,"href":"https:\/\/viajesabrasil.com.ar\/blog\/wp-json\/wp\/v2\/comments?post=38"}],"version-history":[{"count":1,"href":"https:\/\/viajesabrasil.com.ar\/blog\/wp-json\/wp\/v2\/posts\/38\/revisions"}],"predecessor-version":[{"id":40,"href":"https:\/\/viajesabrasil.com.ar\/blog\/wp-json\/wp\/v2\/posts\/38\/revisions\/40"}],"wp:featuredmedia":[{"embeddable":true,"href":"https:\/\/viajesabrasil.com.ar\/blog\/wp-json\/wp\/v2\/media\/39"}],"wp:attachment":[{"href":"https:\/\/viajesabrasil.com.ar\/blog\/wp-json\/wp\/v2\/media?parent=38"}],"wp:term":[{"taxonomy":"category","embeddable":true,"href":"https:\/\/viajesabrasil.com.ar\/blog\/wp-json\/wp\/v2\/categories?post=38"},{"taxonomy":"post_tag","embeddable":true,"href":"https:\/\/viajesabrasil.com.ar\/blog\/wp-json\/wp\/v2\/tags?post=38"}],"curies":[{"name":"wp","href":"https:\/\/api.w.org\/{rel}","templated":true}]}}